{"id":15028,"date":"2025-08-23T15:56:12","date_gmt":"2025-08-23T15:56:12","guid":{"rendered":"https:\/\/koreanfilmfestivalbcn.com\/parlem-amb-lee-jong-pil-director-descapament\/"},"modified":"2026-01-13T17:28:45","modified_gmt":"2026-01-13T17:28:45","slug":"parlem-amb-lee-jong-pil-director-descapament","status":"publish","type":"post","link":"https:\/\/koreanfilmfestivalbcn.com\/ca\/parlem-amb-lee-jong-pil-director-descapament\/","title":{"rendered":"Parlem amb Lee Jong-pil, director d&#8217;escapament"},"content":{"rendered":"\n<p><strong><em>Escape<\/em> es va estrenar el 3 de juliol del 2024 a Corea del Sud, i nom\u00e9s dos dies despr\u00e9s als Estats Units, al que van seguir altres pa\u00efsos, la majoria del sud-est asi\u00e0tic. Al seu pa\u00eds, va ocupar el primer lloc a la taquilla general el dia de la seva estrena, i es va convertir en la cinta m\u00e9s rendible de l&#8217;estiu passat a Corea del Sud. Vam tenir l&#8217;oportunitat de conversar amb el director Lee Jong-pil en el marc del Festival de cinema de Sitges on va presentar la pel\u00b7l\u00edcula.  <\/strong><\/p>\n\n<p><strong>Cine\u00c0sia &#8211; \u00c9s un director que comen\u00e7a treballant a la com\u00e8dia, el drama, la com\u00e8dia rom\u00e0ntica\u2026 Ha fet tamb\u00e9 pel\u00b7l\u00edcules d&#8217;\u00e8poca o \u201cSageuk\u201d i ara ha dirigit un thriller trepidant. A m\u00e9s, ha estat actor i guionista: ha treballat a la televisi\u00f3, al cinema\u2026 \u00c9s un home orquestra! Qu\u00e8 \u00e9s el que m\u00e9s us agrada fer?  <\/strong><\/p>\n\n<p>Llegeix Jong-il &#8211; De la varietat de papers que he fet, m&#8217;agrada tot. A mi m&#8217;agrada la creativitat. El que \u00e9s important \u00e9s l&#8217;element resultant de la creativitat. No importa quina sigui la meva funci\u00f3. M&#8217;agrada tot.    <\/p>\n\n<p><strong>C- Escape ha aconseguit 2 milions i mig d&#8217;espectadors, cosa que no est\u00e0 gens malament tenint en compte com est\u00e0 el box office ara a Corea. Ja ha aconseguit superar all\u00f2 que va costar (el pressupost inicial). Ha estat venuda a 150 pa\u00efsos i segurament quedar\u00e0 entre el top 10 de les pel\u00b7l\u00edcules m\u00e9s vistes a Corea aquest any. Est\u00e0 satisfet? Heu aconseguit l&#8217;objectiu?    <\/strong><\/p>\n\n<p>L- S\u00ed. A mi personalment no m&#8217;importa gaire el nombre d&#8217;espectadors, els r\u00e0nquings i les xifres. Simplement vull que no hagi estat una p\u00e8rdua i que la pel\u00b7l\u00edcula hagi connectat amb el p\u00fablic. Que el p\u00fablic hagi ent\u00e8s el meu missatge. Aleshores suposo que els n\u00fameros ho reflecteixen.    <\/p>\n\n<p>Com heu esmentat, hi ha hagut molts contractes de distribuci\u00f3 a l&#8217;estranger i voldria explicar l&#8217;origen de la hist\u00f2ria d&#8217;aquesta pel\u00b7l\u00edcula. Es tracta d&#8217;un article que vaig llegir fa un temps sobre un jove del continent afric\u00e0 que, buscant una vida millor, volia emigrar a Europa d&#8217;una manera il\u00b7legal i estava esperant a l&#8217;aeroport per agafar-se a les rodes d&#8217;un avi\u00f3 i travessar la frontera. Aquesta imatge em va impactar tant que vaig desenvolupar aquesta pel\u00b7l\u00edcula amb una hist\u00f2ria universal. No \u00e9s nom\u00e9s especial de Corea del Sud i la divisi\u00f3 del pa\u00eds. \u00c9s universal per a tothom, per a aquest jove afric\u00e0 i per a qualsevol persona que vol millorar la seva situaci\u00f3. Aleshores, aquests contractes de distribuci\u00f3 tenen un bon significat per a mi en aquest sentit de poder compartir el missatge universal amb tothom. I m&#8217;agradaria que aquell jove d&#8217;\u00c0frica tingu\u00e9s ocasi\u00f3 de veure aquesta pel\u00b7l\u00edcula. No s\u00e9 si deu saber que tot va comen\u00e7ar per ell.       <\/p>\n\n<p><\/p>\n\n<figure class=\"wp-block-image aligncenter size-large\"><img fetchpriority=\"high\" decoding=\"async\" width=\"1024\" height=\"576\" src=\"https:\/\/koreanfilmfestivalbcn.com\/wp-content\/uploads\/2025\/08\/8-1024x576.webp\" alt=\"\" class=\"wp-image-14723\" srcset=\"https:\/\/koreanfilmfestivalbcn.com\/wp-content\/uploads\/2025\/08\/8-1024x576.webp 1024w, https:\/\/koreanfilmfestivalbcn.com\/wp-content\/uploads\/2025\/08\/8-300x169.webp 300w, https:\/\/koreanfilmfestivalbcn.com\/wp-content\/uploads\/2025\/08\/8-768x432.webp 768w, https:\/\/koreanfilmfestivalbcn.com\/wp-content\/uploads\/2025\/08\/8.webp 1440w\" sizes=\"(max-width: 1024px) 100vw, 1024px\" \/><\/figure>\n\n<p><\/p>\n\n<p><strong>C- Aix\u00f2 \u00e9s una cosa que ens va cridar l&#8217;atenci\u00f3 quan vam veure la pel\u00b7l\u00edcula perqu\u00e8, de la quantitat de films que hem vist al llarg dels anys parlant sobre Corea del Nord i Corea del Sud, moltes vegades sempre veiem els dos costats i sempre hi ha la relaci\u00f3 entre l&#8217;un i l&#8217;altre. Que b\u00e9 que n&#8217;hi ha un i que malament hi ha l&#8217;altre, etc. La seva pel\u00b7l\u00edcula exclusivament se centra a Corea del Nord i, a m\u00e9s, no ens ven la imatge de quins \u201cpobrets s\u00f3n i que malament ho passen al Nord\u201d, sin\u00f3 que se centra a l&#8217;estament militar de Corea del Nord i aix\u00f2 ens sembla molt original. \u00bfEra aquesta la seva idea?   <\/strong><\/p>\n\n<p>L- Doncs s\u00ed, heu vist exactament la meva intenci\u00f3. Gaireb\u00e9 totes les pel\u00b7l\u00edcules solen tractar la relaci\u00f3 bilateral entre els dos pa\u00efsos amb un personatge sud-core\u00e0, per\u00f2 aqu\u00ed m\u00e9s que mostrar la ideologia del r\u00e8gim nord-core\u00e0, l&#8217;ambient est\u00e0 limitat a Corea del Nord i no hi apareix cap sud-core\u00e0. Si el tema hagu\u00e9s estat la relaci\u00f3 bilateral entre els dos pa\u00efsos, hauria estat molt core\u00e0, per\u00f2 en mostrar la pel\u00b7l\u00edcula nom\u00e9s ambientada a Corea del Nord, es pot convertir en un tema universal que tothom pot entendre i assimilar. Aquesta hist\u00f2ria, al final, es converteix en la nostra hist\u00f2ria di\u00e0ria: un amic que est\u00e0 fart de la feina on est\u00e0, detesta aixecar-se cada mat\u00ed per anar i vol sortir d&#8217;aquesta feina, t\u00e9 moltes ganes d&#8217;escapar\u2026 I no \u00e9s f\u00e0cil. He intentat que la pel\u00b7l\u00edcula sigui una reflexi\u00f3 al p\u00fablic sobre les condicions de la meva vida actual.    <\/p>\n\n<p><strong>C- Per\u00f2 hi ha una altra cosa que fa que sigui molt valenta i m&#8217;agradaria que ens expliqu\u00e9s el perqu\u00e8. Jo crec entendre-ho, per\u00f2 m&#8217;agradaria preguntar-li per la relaci\u00f3 homosexual que hi ha entre Koo Kyo-hwan i Song-Kang (nom dels actors). Expl\u00edcitament hi ha una relaci\u00f3 entre ells. Exactament no s\u00e9 gaire b\u00e9 per aqu\u00ed, per\u00f2 crec entendre que, en un r\u00e8gim com el de Corea del Nord (o en un r\u00e8gim tan autoritari o antic com aquest) el que vegem patir el dolent perqu\u00e8 mai no podr\u00e0 tenir una relaci\u00f3 lliure, tamb\u00e9 ajuda a entendre millor el seu patiment i el perqu\u00e8 desesperadament vol atrapar l&#8217;altre. Perqu\u00e8 ell voldria estar a la pell de l&#8217;altre. Aix\u00f2 \u00e9s aix\u00ed?     <\/strong><\/p>\n\n<p>L- Totalment. Aquesta pel\u00b7l\u00edcula \u00e9s una fugida. El primer protagonista (Lee Je-hoon) s&#8217;escapa del r\u00e8gim, per\u00f2 el segon (Koo Kyo-hwan) s&#8217;escapa internament del seu m\u00f3n interior.  <\/p>\n\n<p><strong>C- Ah! \u00c9s a dir, que la relaci\u00f3 \u00e9s lalliberament daquest m\u00f3n opressor. La relaci\u00f3 que mant\u00e9 amb Song-Kang \u00e9s prohibida, per\u00f2 \u00e9s l&#8217;\u00fanica manera de sentir-se lliure. Per\u00f2, alhora, quan el personatge principal s&#8217;escapa, per a ell tamb\u00e9 \u00e9s un alleujament perqu\u00e8 ja no l&#8217;ha de perseguir.     <\/strong><\/p>\n\n<p>L- Exacte. Amb el triomf de la fugida del primer personatge, ell tamb\u00e9 aconsegueix la seva llibertat interna. <\/p>\n\n<p><\/p>\n\n<figure class=\"wp-block-image aligncenter size-large\"><img decoding=\"async\" width=\"1024\" height=\"681\" src=\"https:\/\/koreanfilmfestivalbcn.com\/wp-content\/uploads\/2025\/08\/Escape_4-1024x681.jpg\" alt=\"\" class=\"wp-image-14724\" srcset=\"https:\/\/koreanfilmfestivalbcn.com\/wp-content\/uploads\/2025\/08\/Escape_4-1024x681.jpg 1024w, https:\/\/koreanfilmfestivalbcn.com\/wp-content\/uploads\/2025\/08\/Escape_4-300x199.jpg 300w, https:\/\/koreanfilmfestivalbcn.com\/wp-content\/uploads\/2025\/08\/Escape_4-768x510.jpg 768w, https:\/\/koreanfilmfestivalbcn.com\/wp-content\/uploads\/2025\/08\/Escape_4.jpg 1500w\" sizes=\"(max-width: 1024px) 100vw, 1024px\" \/><\/figure>\n\n<p><\/p>\n\n<p><strong>C- Em sembla molt valenta que hagi retratat una relaci\u00f3 homosexual amb uns actors tan importants i coneguts. Com els va conv\u00e8ncer? Perqu\u00e8 s\u00e9 que la societat sud-coreana tampoc \u00e9s que hi sigui gaire oberta.  <\/strong><\/p>\n\n<p>L- Ho has vist molt b\u00e9. Molt p\u00fablic core\u00e0, despr\u00e9s de veure la pel\u00b7l\u00edcula, no s&#8217;ha adonat de la relaci\u00f3 homosexual entre aquests dos personatges. Molts pensen que nom\u00e9s s\u00f3n rivals. Per\u00f2 la meva intenci\u00f3 tamb\u00e9 va ser crear aquesta relaci\u00f3 latent. No ho mostro tan clar a la pel\u00b7l\u00edcula. He deixat intencionadament aquesta ambig\u00fcitat perqu\u00e8 cadasc\u00fa ho interpreti a la seva manera.    <\/p>\n\n<p><strong>C- I com arriben aquestes tres estrelles al projecte?<\/strong><\/p>\n\n<p>L- En el cas del primer actor, necessitava un personatge obsessionat o molt ferm amb la seva creen\u00e7a\/pensament. Repassant la filmografia de Lee Je-hoon, la seva personalitat i la seva manera d&#8217;interpretar, em va semblar molt apropiat. L&#8217;actor com a persona s&#8217;assembla molt al personatge. Aix\u00ed que el vaig contactar per proposar-s&#8217;ho. I, alhora que roda pel\u00b7l\u00edcules comercials, est\u00e0 molt interessat tamb\u00e9 en pel\u00b7l\u00edcules independents.    <\/p>\n\n<p>El segon personatge havia de ser un perseguidor, per\u00f2 no el t\u00edpic \u201cmalot\u201d, sin\u00f3 que havia de tenir tamb\u00e9 alguna cosa interior que es pogu\u00e9s desenvolupar a trav\u00e9s de la pel\u00b7l\u00edcula. I Koo Kyo-hwan ho t\u00e9. <\/p>\n\n<p>Amb Song-Kang, el seu personatge era per completar l&#8217;altre. Al principi havia ideat una figura femenina, per\u00f2 ho vaig canviar a un home perqu\u00e8 no fos un altre clix\u00e9. Per donar m\u00e9s impacte havia de ser bonic i noble. Song-Kang \u00e9s de la mateixa empresa que Koo Kyo-hwan, aix\u00ed que ha estat una col\u00b7laboraci\u00f3 especial, un cameo.   <\/p>\n\n<p><em>Una entrevista de Gloria Fern\u00e1ndez i Mar Riera (Cine\u00c0sia) a Sitges 2024<\/em><\/p>\n\n<p><strong>La pel\u00b7l\u00edcula, <a href=\"https:\/\/koreanfilmfestivalbcn.com\/escape\/\">Escape, es pot veure dins de la secci\u00f3 Panorama del Korean Film Festival el dissabte 6 a les 16:30h a la sala Lee Chang-dong<\/a> .<\/strong><\/p>\n\n<p><\/p>\n","protected":false},"excerpt":{"rendered":"<p>Escape es va estrenar el 3 de juliol del 2024 a Corea del Sud, i nom\u00e9s dos dies despr\u00e9s als Estats Units, al que van seguir altres pa\u00efsos, la majoria del sud-est asi\u00e0tic. Al seu pa\u00eds, va ocupar el primer lloc a la taquilla general el dia de la seva estrena, i es va convertir [&hellip;]<\/p>\n","protected":false},"author":1,"featured_media":14871,"comment_status":"open","ping_status":"open","sticky":false,"template":"","format":"standard","meta":{"_themeisle_gutenberg_block_has_review":false,"footnotes":""},"categories":[1],"tags":[],"class_list":["post-15028","post","type-post","status-publish","format-standard","has-post-thumbnail","hentry","category-sin-categoria"],"yoast_head":"<!-- This site is optimized with the Yoast SEO plugin v27.4 - https:\/\/yoast.com\/product\/yoast-seo-wordpress\/ -->\n<title>Parlem amb Lee Jong-pil, director d&#039;escapament - Korean Film Festival Barcelona<\/title>\n<meta name=\"description\" content=\"Entrevista a Lee Jong-pil, director de la pel\u00b7l\u00edcula Escape que es projecta a la secci\u00f3 Panorama del Korean FFB.\" \/>\n<meta name=\"robots\" content=\"index, follow, max-snippet:-1, max-image-preview:large, max-video-preview:-1\" \/>\n<link rel=\"canonical\" href=\"https:\/\/koreanfilmfestivalbcn.com\/ca\/parlem-amb-lee-jong-pil-director-descapament\/\" \/>\n<meta property=\"og:locale\" content=\"ca_ES\" \/>\n<meta property=\"og:type\" content=\"article\" \/>\n<meta property=\"og:title\" content=\"Parlem amb Lee Jong-pil, director d&#039;escapament - Korean Film Festival Barcelona\" \/>\n<meta property=\"og:description\" content=\"Entrevista a Lee Jong-pil, director de la pel\u00b7l\u00edcula Escape que es projecta a la secci\u00f3 Panorama del Korean FFB.\" \/>\n<meta property=\"og:url\" content=\"https:\/\/koreanfilmfestivalbcn.com\/ca\/parlem-amb-lee-jong-pil-director-descapament\/\" \/>\n<meta property=\"og:site_name\" content=\"Korean Film Festival Barcelona\" \/>\n<meta property=\"article:publisher\" content=\"https:\/\/www.facebook.com\/KFFBCN\/\" \/>\n<meta property=\"article:published_time\" content=\"2025-08-23T15:56:12+00:00\" \/>\n<meta property=\"article:modified_time\" content=\"2026-01-13T17:28:45+00:00\" \/>\n<meta property=\"og:image\" content=\"https:\/\/koreanfilmfestivalbcn.com\/wp-content\/uploads\/2025\/08\/IMG_4034-scaled.jpeg\" \/>\n\t<meta property=\"og:image:width\" content=\"2560\" \/>\n\t<meta property=\"og:image:height\" content=\"2378\" \/>\n\t<meta property=\"og:image:type\" content=\"image\/jpeg\" \/>\n<meta name=\"author\" content=\"admin\" \/>\n<meta name=\"twitter:card\" content=\"summary_large_image\" \/>\n<meta name=\"twitter:label1\" content=\"Escrit per\" \/>\n\t<meta name=\"twitter:data1\" content=\"admin\" \/>\n\t<meta name=\"twitter:label2\" content=\"Temps estimat de lectura\" \/>\n\t<meta name=\"twitter:data2\" content=\"7 minuts\" \/>\n<script type=\"application\/ld+json\" class=\"yoast-schema-graph\">{\"@context\":\"https:\\\/\\\/schema.org\",\"@graph\":[{\"@type\":\"Article\",\"@id\":\"https:\\\/\\\/koreanfilmfestivalbcn.com\\\/ca\\\/parlem-amb-lee-jong-pil-director-descapament\\\/#article\",\"isPartOf\":{\"@id\":\"https:\\\/\\\/koreanfilmfestivalbcn.com\\\/ca\\\/parlem-amb-lee-jong-pil-director-descapament\\\/\"},\"author\":{\"name\":\"admin\",\"@id\":\"https:\\\/\\\/koreanfilmfestivalbcn.com\\\/ca\\\/#\\\/schema\\\/person\\\/e399dc40047eaf630460fc65dcc8eddc\"},\"headline\":\"Parlem amb Lee Jong-pil, director d&#8217;escapament\",\"datePublished\":\"2025-08-23T15:56:12+00:00\",\"dateModified\":\"2026-01-13T17:28:45+00:00\",\"mainEntityOfPage\":{\"@id\":\"https:\\\/\\\/koreanfilmfestivalbcn.com\\\/ca\\\/parlem-amb-lee-jong-pil-director-descapament\\\/\"},\"wordCount\":1380,\"commentCount\":0,\"publisher\":{\"@id\":\"https:\\\/\\\/koreanfilmfestivalbcn.com\\\/ca\\\/#organization\"},\"image\":{\"@id\":\"https:\\\/\\\/koreanfilmfestivalbcn.com\\\/ca\\\/parlem-amb-lee-jong-pil-director-descapament\\\/#primaryimage\"},\"thumbnailUrl\":\"https:\\\/\\\/koreanfilmfestivalbcn.com\\\/wp-content\\\/uploads\\\/2025\\\/08\\\/IMG_4034-scaled.jpeg\",\"articleSection\":[\"Sin categor\u00eda\"],\"inLanguage\":\"ca\",\"potentialAction\":[{\"@type\":\"CommentAction\",\"name\":\"Comment\",\"target\":[\"https:\\\/\\\/koreanfilmfestivalbcn.com\\\/ca\\\/parlem-amb-lee-jong-pil-director-descapament\\\/#respond\"]}]},{\"@type\":\"WebPage\",\"@id\":\"https:\\\/\\\/koreanfilmfestivalbcn.com\\\/ca\\\/parlem-amb-lee-jong-pil-director-descapament\\\/\",\"url\":\"https:\\\/\\\/koreanfilmfestivalbcn.com\\\/ca\\\/parlem-amb-lee-jong-pil-director-descapament\\\/\",\"name\":\"Parlem amb Lee Jong-pil, director d'escapament - Korean Film Festival Barcelona\",\"isPartOf\":{\"@id\":\"https:\\\/\\\/koreanfilmfestivalbcn.com\\\/ca\\\/#website\"},\"primaryImageOfPage\":{\"@id\":\"https:\\\/\\\/koreanfilmfestivalbcn.com\\\/ca\\\/parlem-amb-lee-jong-pil-director-descapament\\\/#primaryimage\"},\"image\":{\"@id\":\"https:\\\/\\\/koreanfilmfestivalbcn.com\\\/ca\\\/parlem-amb-lee-jong-pil-director-descapament\\\/#primaryimage\"},\"thumbnailUrl\":\"https:\\\/\\\/koreanfilmfestivalbcn.com\\\/wp-content\\\/uploads\\\/2025\\\/08\\\/IMG_4034-scaled.jpeg\",\"datePublished\":\"2025-08-23T15:56:12+00:00\",\"dateModified\":\"2026-01-13T17:28:45+00:00\",\"description\":\"Entrevista a Lee Jong-pil, director de la pel\u00b7l\u00edcula Escape que es projecta a la secci\u00f3 Panorama del Korean FFB.\",\"breadcrumb\":{\"@id\":\"https:\\\/\\\/koreanfilmfestivalbcn.com\\\/ca\\\/parlem-amb-lee-jong-pil-director-descapament\\\/#breadcrumb\"},\"inLanguage\":\"ca\",\"potentialAction\":[{\"@type\":\"ReadAction\",\"target\":[\"https:\\\/\\\/koreanfilmfestivalbcn.com\\\/ca\\\/parlem-amb-lee-jong-pil-director-descapament\\\/\"]}]},{\"@type\":\"ImageObject\",\"inLanguage\":\"ca\",\"@id\":\"https:\\\/\\\/koreanfilmfestivalbcn.com\\\/ca\\\/parlem-amb-lee-jong-pil-director-descapament\\\/#primaryimage\",\"url\":\"https:\\\/\\\/koreanfilmfestivalbcn.com\\\/wp-content\\\/uploads\\\/2025\\\/08\\\/IMG_4034-scaled.jpeg\",\"contentUrl\":\"https:\\\/\\\/koreanfilmfestivalbcn.com\\\/wp-content\\\/uploads\\\/2025\\\/08\\\/IMG_4034-scaled.jpeg\",\"width\":2560,\"height\":2378},{\"@type\":\"BreadcrumbList\",\"@id\":\"https:\\\/\\\/koreanfilmfestivalbcn.com\\\/ca\\\/parlem-amb-lee-jong-pil-director-descapament\\\/#breadcrumb\",\"itemListElement\":[{\"@type\":\"ListItem\",\"position\":1,\"name\":\"Portada\",\"item\":\"https:\\\/\\\/koreanfilmfestivalbcn.com\\\/ca\\\/\"},{\"@type\":\"ListItem\",\"position\":2,\"name\":\"Parlem amb Lee Jong-pil, director d&#8217;escapament\"}]},{\"@type\":\"WebSite\",\"@id\":\"https:\\\/\\\/koreanfilmfestivalbcn.com\\\/ca\\\/#website\",\"url\":\"https:\\\/\\\/koreanfilmfestivalbcn.com\\\/ca\\\/\",\"name\":\"Korean Film Festival Barcelona\",\"description\":\"El KFFB es un Festival de Cine Coreano que se celebrar\u00e1 del 3 al 7 de Septiembre en los Cinemes Girona de Barcelona.\",\"publisher\":{\"@id\":\"https:\\\/\\\/koreanfilmfestivalbcn.com\\\/ca\\\/#organization\"},\"potentialAction\":[{\"@type\":\"SearchAction\",\"target\":{\"@type\":\"EntryPoint\",\"urlTemplate\":\"https:\\\/\\\/koreanfilmfestivalbcn.com\\\/ca\\\/?s={search_term_string}\"},\"query-input\":{\"@type\":\"PropertyValueSpecification\",\"valueRequired\":true,\"valueName\":\"search_term_string\"}}],\"inLanguage\":\"ca\"},{\"@type\":\"Organization\",\"@id\":\"https:\\\/\\\/koreanfilmfestivalbcn.com\\\/ca\\\/#organization\",\"name\":\"Korean Film Festival Barcelona\",\"url\":\"https:\\\/\\\/koreanfilmfestivalbcn.com\\\/ca\\\/\",\"logo\":{\"@type\":\"ImageObject\",\"inLanguage\":\"ca\",\"@id\":\"https:\\\/\\\/koreanfilmfestivalbcn.com\\\/ca\\\/#\\\/schema\\\/logo\\\/image\\\/\",\"url\":\"https:\\\/\\\/koreanfilmfestivalbcn.com\\\/wp-content\\\/uploads\\\/2024\\\/04\\\/LOGO-2024.png\",\"contentUrl\":\"https:\\\/\\\/koreanfilmfestivalbcn.com\\\/wp-content\\\/uploads\\\/2024\\\/04\\\/LOGO-2024.png\",\"width\":630,\"height\":340,\"caption\":\"Korean Film Festival Barcelona\"},\"image\":{\"@id\":\"https:\\\/\\\/koreanfilmfestivalbcn.com\\\/ca\\\/#\\\/schema\\\/logo\\\/image\\\/\"},\"sameAs\":[\"https:\\\/\\\/www.facebook.com\\\/KFFBCN\\\/\",\"https:\\\/\\\/www.instagram.com\\\/kffbcn\\\/\"]},{\"@type\":\"Person\",\"@id\":\"https:\\\/\\\/koreanfilmfestivalbcn.com\\\/ca\\\/#\\\/schema\\\/person\\\/e399dc40047eaf630460fc65dcc8eddc\",\"name\":\"admin\",\"image\":{\"@type\":\"ImageObject\",\"inLanguage\":\"ca\",\"@id\":\"https:\\\/\\\/secure.gravatar.com\\\/avatar\\\/14b28b9a8de3a7f26e352915e3ba642ba62e8099b961c13ba9ef61f90920f125?s=96&d=mm&r=g\",\"url\":\"https:\\\/\\\/secure.gravatar.com\\\/avatar\\\/14b28b9a8de3a7f26e352915e3ba642ba62e8099b961c13ba9ef61f90920f125?s=96&d=mm&r=g\",\"contentUrl\":\"https:\\\/\\\/secure.gravatar.com\\\/avatar\\\/14b28b9a8de3a7f26e352915e3ba642ba62e8099b961c13ba9ef61f90920f125?s=96&d=mm&r=g\",\"caption\":\"admin\"},\"sameAs\":[\"http:\\\/\\\/koreanfilmfestivalbcn.com\"],\"url\":\"https:\\\/\\\/koreanfilmfestivalbcn.com\\\/ca\\\/author\\\/admin\\\/\"}]}<\/script>\n<!-- \/ Yoast SEO plugin. -->","yoast_head_json":{"title":"Parlem amb Lee Jong-pil, director d'escapament - Korean Film Festival Barcelona","description":"Entrevista a Lee Jong-pil, director de la pel\u00b7l\u00edcula Escape que es projecta a la secci\u00f3 Panorama del Korean FFB.","robots":{"index":"index","follow":"follow","max-snippet":"max-snippet:-1","max-image-preview":"max-image-preview:large","max-video-preview":"max-video-preview:-1"},"canonical":"https:\/\/koreanfilmfestivalbcn.com\/ca\/parlem-amb-lee-jong-pil-director-descapament\/","og_locale":"ca_ES","og_type":"article","og_title":"Parlem amb Lee Jong-pil, director d'escapament - Korean Film Festival Barcelona","og_description":"Entrevista a Lee Jong-pil, director de la pel\u00b7l\u00edcula Escape que es projecta a la secci\u00f3 Panorama del Korean FFB.","og_url":"https:\/\/koreanfilmfestivalbcn.com\/ca\/parlem-amb-lee-jong-pil-director-descapament\/","og_site_name":"Korean Film Festival Barcelona","article_publisher":"https:\/\/www.facebook.com\/KFFBCN\/","article_published_time":"2025-08-23T15:56:12+00:00","article_modified_time":"2026-01-13T17:28:45+00:00","og_image":[{"width":2560,"height":2378,"url":"https:\/\/koreanfilmfestivalbcn.com\/wp-content\/uploads\/2025\/08\/IMG_4034-scaled.jpeg","type":"image\/jpeg"}],"author":"admin","twitter_card":"summary_large_image","twitter_misc":{"Escrit per":"admin","Temps estimat de lectura":"7 minuts"},"schema":{"@context":"https:\/\/schema.org","@graph":[{"@type":"Article","@id":"https:\/\/koreanfilmfestivalbcn.com\/ca\/parlem-amb-lee-jong-pil-director-descapament\/#article","isPartOf":{"@id":"https:\/\/koreanfilmfestivalbcn.com\/ca\/parlem-amb-lee-jong-pil-director-descapament\/"},"author":{"name":"admin","@id":"https:\/\/koreanfilmfestivalbcn.com\/ca\/#\/schema\/person\/e399dc40047eaf630460fc65dcc8eddc"},"headline":"Parlem amb Lee Jong-pil, director d&#8217;escapament","datePublished":"2025-08-23T15:56:12+00:00","dateModified":"2026-01-13T17:28:45+00:00","mainEntityOfPage":{"@id":"https:\/\/koreanfilmfestivalbcn.com\/ca\/parlem-amb-lee-jong-pil-director-descapament\/"},"wordCount":1380,"commentCount":0,"publisher":{"@id":"https:\/\/koreanfilmfestivalbcn.com\/ca\/#organization"},"image":{"@id":"https:\/\/koreanfilmfestivalbcn.com\/ca\/parlem-amb-lee-jong-pil-director-descapament\/#primaryimage"},"thumbnailUrl":"https:\/\/koreanfilmfestivalbcn.com\/wp-content\/uploads\/2025\/08\/IMG_4034-scaled.jpeg","articleSection":["Sin categor\u00eda"],"inLanguage":"ca","potentialAction":[{"@type":"CommentAction","name":"Comment","target":["https:\/\/koreanfilmfestivalbcn.com\/ca\/parlem-amb-lee-jong-pil-director-descapament\/#respond"]}]},{"@type":"WebPage","@id":"https:\/\/koreanfilmfestivalbcn.com\/ca\/parlem-amb-lee-jong-pil-director-descapament\/","url":"https:\/\/koreanfilmfestivalbcn.com\/ca\/parlem-amb-lee-jong-pil-director-descapament\/","name":"Parlem amb Lee Jong-pil, director d'escapament - Korean Film Festival Barcelona","isPartOf":{"@id":"https:\/\/koreanfilmfestivalbcn.com\/ca\/#website"},"primaryImageOfPage":{"@id":"https:\/\/koreanfilmfestivalbcn.com\/ca\/parlem-amb-lee-jong-pil-director-descapament\/#primaryimage"},"image":{"@id":"https:\/\/koreanfilmfestivalbcn.com\/ca\/parlem-amb-lee-jong-pil-director-descapament\/#primaryimage"},"thumbnailUrl":"https:\/\/koreanfilmfestivalbcn.com\/wp-content\/uploads\/2025\/08\/IMG_4034-scaled.jpeg","datePublished":"2025-08-23T15:56:12+00:00","dateModified":"2026-01-13T17:28:45+00:00","description":"Entrevista a Lee Jong-pil, director de la pel\u00b7l\u00edcula Escape que es projecta a la secci\u00f3 Panorama del Korean FFB.","breadcrumb":{"@id":"https:\/\/koreanfilmfestivalbcn.com\/ca\/parlem-amb-lee-jong-pil-director-descapament\/#breadcrumb"},"inLanguage":"ca","potentialAction":[{"@type":"ReadAction","target":["https:\/\/koreanfilmfestivalbcn.com\/ca\/parlem-amb-lee-jong-pil-director-descapament\/"]}]},{"@type":"ImageObject","inLanguage":"ca","@id":"https:\/\/koreanfilmfestivalbcn.com\/ca\/parlem-amb-lee-jong-pil-director-descapament\/#primaryimage","url":"https:\/\/koreanfilmfestivalbcn.com\/wp-content\/uploads\/2025\/08\/IMG_4034-scaled.jpeg","contentUrl":"https:\/\/koreanfilmfestivalbcn.com\/wp-content\/uploads\/2025\/08\/IMG_4034-scaled.jpeg","width":2560,"height":2378},{"@type":"BreadcrumbList","@id":"https:\/\/koreanfilmfestivalbcn.com\/ca\/parlem-amb-lee-jong-pil-director-descapament\/#breadcrumb","itemListElement":[{"@type":"ListItem","position":1,"name":"Portada","item":"https:\/\/koreanfilmfestivalbcn.com\/ca\/"},{"@type":"ListItem","position":2,"name":"Parlem amb Lee Jong-pil, director d&#8217;escapament"}]},{"@type":"WebSite","@id":"https:\/\/koreanfilmfestivalbcn.com\/ca\/#website","url":"https:\/\/koreanfilmfestivalbcn.com\/ca\/","name":"Korean Film Festival Barcelona","description":"El KFFB es un Festival de Cine Coreano que se celebrar\u00e1 del 3 al 7 de Septiembre en los Cinemes Girona de Barcelona.","publisher":{"@id":"https:\/\/koreanfilmfestivalbcn.com\/ca\/#organization"},"potentialAction":[{"@type":"SearchAction","target":{"@type":"EntryPoint","urlTemplate":"https:\/\/koreanfilmfestivalbcn.com\/ca\/?s={search_term_string}"},"query-input":{"@type":"PropertyValueSpecification","valueRequired":true,"valueName":"search_term_string"}}],"inLanguage":"ca"},{"@type":"Organization","@id":"https:\/\/koreanfilmfestivalbcn.com\/ca\/#organization","name":"Korean Film Festival Barcelona","url":"https:\/\/koreanfilmfestivalbcn.com\/ca\/","logo":{"@type":"ImageObject","inLanguage":"ca","@id":"https:\/\/koreanfilmfestivalbcn.com\/ca\/#\/schema\/logo\/image\/","url":"https:\/\/koreanfilmfestivalbcn.com\/wp-content\/uploads\/2024\/04\/LOGO-2024.png","contentUrl":"https:\/\/koreanfilmfestivalbcn.com\/wp-content\/uploads\/2024\/04\/LOGO-2024.png","width":630,"height":340,"caption":"Korean Film Festival Barcelona"},"image":{"@id":"https:\/\/koreanfilmfestivalbcn.com\/ca\/#\/schema\/logo\/image\/"},"sameAs":["https:\/\/www.facebook.com\/KFFBCN\/","https:\/\/www.instagram.com\/kffbcn\/"]},{"@type":"Person","@id":"https:\/\/koreanfilmfestivalbcn.com\/ca\/#\/schema\/person\/e399dc40047eaf630460fc65dcc8eddc","name":"admin","image":{"@type":"ImageObject","inLanguage":"ca","@id":"https:\/\/secure.gravatar.com\/avatar\/14b28b9a8de3a7f26e352915e3ba642ba62e8099b961c13ba9ef61f90920f125?s=96&d=mm&r=g","url":"https:\/\/secure.gravatar.com\/avatar\/14b28b9a8de3a7f26e352915e3ba642ba62e8099b961c13ba9ef61f90920f125?s=96&d=mm&r=g","contentUrl":"https:\/\/secure.gravatar.com\/avatar\/14b28b9a8de3a7f26e352915e3ba642ba62e8099b961c13ba9ef61f90920f125?s=96&d=mm&r=g","caption":"admin"},"sameAs":["http:\/\/koreanfilmfestivalbcn.com"],"url":"https:\/\/koreanfilmfestivalbcn.com\/ca\/author\/admin\/"}]}},"_links":{"self":[{"href":"https:\/\/koreanfilmfestivalbcn.com\/ca\/wp-json\/wp\/v2\/posts\/15028","targetHints":{"allow":["GET"]}}],"collection":[{"href":"https:\/\/koreanfilmfestivalbcn.com\/ca\/wp-json\/wp\/v2\/posts"}],"about":[{"href":"https:\/\/koreanfilmfestivalbcn.com\/ca\/wp-json\/wp\/v2\/types\/post"}],"author":[{"embeddable":true,"href":"https:\/\/koreanfilmfestivalbcn.com\/ca\/wp-json\/wp\/v2\/users\/1"}],"replies":[{"embeddable":true,"href":"https:\/\/koreanfilmfestivalbcn.com\/ca\/wp-json\/wp\/v2\/comments?post=15028"}],"version-history":[{"count":1,"href":"https:\/\/koreanfilmfestivalbcn.com\/ca\/wp-json\/wp\/v2\/posts\/15028\/revisions"}],"predecessor-version":[{"id":15030,"href":"https:\/\/koreanfilmfestivalbcn.com\/ca\/wp-json\/wp\/v2\/posts\/15028\/revisions\/15030"}],"wp:featuredmedia":[{"embeddable":true,"href":"https:\/\/koreanfilmfestivalbcn.com\/ca\/wp-json\/wp\/v2\/media\/14871"}],"wp:attachment":[{"href":"https:\/\/koreanfilmfestivalbcn.com\/ca\/wp-json\/wp\/v2\/media?parent=15028"}],"wp:term":[{"taxonomy":"category","embeddable":true,"href":"https:\/\/koreanfilmfestivalbcn.com\/ca\/wp-json\/wp\/v2\/categories?post=15028"},{"taxonomy":"post_tag","embeddable":true,"href":"https:\/\/koreanfilmfestivalbcn.com\/ca\/wp-json\/wp\/v2\/tags?post=15028"}],"curies":[{"name":"wp","href":"https:\/\/api.w.org\/{rel}","templated":true}]}}